{"id":677,"date":"2024-08-27T19:32:09","date_gmt":"2024-08-27T16:32:09","guid":{"rendered":"http:\/\/kardlanukuteater.ee\/?p=677"},"modified":"2024-08-27T20:58:56","modified_gmt":"2024-08-27T17:58:56","slug":"kardla-nukuteatri-varvimine-2024","status":"publish","type":"post","link":"https:\/\/kardlanukuteater.ee\/?p=677","title":{"rendered":"K\u00e4rdla Nukuteatri v\u00e4rvimine 2024"},"content":{"rendered":"<p><a href=\"http:\/\/kardlanukuteater.ee\/wp-content\/uploads\/2024\/08\/nukuteater_v2rvitud_kop.jpg\"><img loading=\"lazy\" decoding=\"async\" class=\"alignright size-thumbnail wp-image-678\" src=\"http:\/\/kardlanukuteater.ee\/wp-content\/uploads\/2024\/08\/nukuteater_v2rvitud_kop-150x150.jpg\" alt=\"Nukuteatri v\u00e4rvimine 2024\" width=\"150\" height=\"150\" srcset=\"https:\/\/kardlanukuteater.ee\/wp-content\/uploads\/2024\/08\/nukuteater_v2rvitud_kop-150x150.jpg 150w, https:\/\/kardlanukuteater.ee\/wp-content\/uploads\/2024\/08\/nukuteater_v2rvitud_kop-50x50.jpg 50w\" sizes=\"auto, (max-width: 150px) 100vw, 150px\" \/><\/a>Sel suvel sai nukuteater v\u00e4rskelt v\u00e4rvitud.<br class=\"html-br\">Projekti &#8220;K\u00e4rdla Nukuteatri v\u00e4lisfassaadi v\u00e4rvimine&#8221; toetas <a href=\"https:\/\/hiiumaaarenduskeskus.ee\/vabauhendused\/kop\/\">Kohaliku Omaalgatuse Programm<\/a>.<br class=\"html-br\">T\u00f6id teostas Hiiu Ilu O\u00dc juulis 2024. a.<br class=\"html-br\"><br class=\"html-br\">Nukuteater t\u00e4nab!&nbsp;R\u00f5\u00f5m on tegutseda v\u00e4rske ilmega teatrimajas.<a href=\"http:\/\/kardlanukuteater.ee\/wp-content\/uploads\/2024\/08\/kop_logo_must.png\"><img loading=\"lazy\" decoding=\"async\" class=\"size-medium wp-image-686 alignleft\" src=\"http:\/\/kardlanukuteater.ee\/wp-content\/uploads\/2024\/08\/kop_logo_must-300x127.png\" alt=\"KOP logo\" width=\"300\" height=\"127\" srcset=\"https:\/\/kardlanukuteater.ee\/wp-content\/uploads\/2024\/08\/kop_logo_must-300x127.png 300w, https:\/\/kardlanukuteater.ee\/wp-content\/uploads\/2024\/08\/kop_logo_must-768x325.png 768w, https:\/\/kardlanukuteater.ee\/wp-content\/uploads\/2024\/08\/kop_logo_must-1024x434.png 1024w\" sizes=\"auto, (max-width: 300px) 100vw, 300px\" \/><\/a><\/p>\n","protected":false},"excerpt":{"rendered":"<p>Sel suvel sai nukuteater v\u00e4rskelt v\u00e4rvitud.Projekti &#8220;K\u00e4rdla Nukuteatri v\u00e4lisfassaadi v\u00e4rvimine&#8221; toetas Kohaliku Omaalgatuse Programm.T\u00f6id teostas Hiiu Ilu O\u00dc juulis 2024. a.Nukuteater t\u00e4nab!&nbsp;R\u00f5\u00f5m on tegutseda v\u00e4rske ilmega teatrimajas.<\/p>\n","protected":false},"author":1,"featured_media":0,"comment_status":"closed","ping_status":"open","sticky":false,"template":"","format":"standard","meta":{"ngg_post_thumbnail":0,"footnotes":""},"categories":[1],"tags":[],"class_list":["post-677","post","type-post","status-publish","format-standard","hentry","category-maaratlemata"],"_links":{"self":[{"href":"https:\/\/kardlanukuteater.ee\/index.php?rest_route=\/wp\/v2\/posts\/677","targetHints":{"allow":["GET"]}}],"collection":[{"href":"https:\/\/kardlanukuteater.ee\/index.php?rest_route=\/wp\/v2\/posts"}],"about":[{"href":"https:\/\/kardlanukuteater.ee\/index.php?rest_route=\/wp\/v2\/types\/post"}],"author":[{"embeddable":true,"href":"https:\/\/kardlanukuteater.ee\/index.php?rest_route=\/wp\/v2\/users\/1"}],"replies":[{"embeddable":true,"href":"https:\/\/kardlanukuteater.ee\/index.php?rest_route=%2Fwp%2Fv2%2Fcomments&post=677"}],"version-history":[{"count":5,"href":"https:\/\/kardlanukuteater.ee\/index.php?rest_route=\/wp\/v2\/posts\/677\/revisions"}],"predecessor-version":[{"id":688,"href":"https:\/\/kardlanukuteater.ee\/index.php?rest_route=\/wp\/v2\/posts\/677\/revisions\/688"}],"wp:attachment":[{"href":"https:\/\/kardlanukuteater.ee\/index.php?rest_route=%2Fwp%2Fv2%2Fmedia&parent=677"}],"wp:term":[{"taxonomy":"category","embeddable":true,"href":"https:\/\/kardlanukuteater.ee\/index.php?rest_route=%2Fwp%2Fv2%2Fcategories&post=677"},{"taxonomy":"post_tag","embeddable":true,"href":"https:\/\/kardlanukuteater.ee\/index.php?rest_route=%2Fwp%2Fv2%2Ftags&post=677"}],"curies":[{"name":"wp","href":"https:\/\/api.w.org\/{rel}","templated":true}]}}